{"id":264100,"date":"2021-12-21T15:33:25","date_gmt":"2021-12-21T15:33:25","guid":{"rendered":"http:\/\/osnovnaskolakotraza.mojaskola.org\/?p=264100"},"modified":"2021-12-24T16:44:14","modified_gmt":"2021-12-24T16:44:14","slug":"%d1%80%d0%b5%d1%87-%d0%b4%d0%b2%d0%b5-%d0%be-%d0%ba%d0%be%d1%82%d1%80%d0%b0%d0%b6%d0%b8","status":"publish","type":"post","link":"https:\/\/osnovnaskolakotraza.mojaskola.org\/?p=264100","title":{"rendered":"\u0420\u0435\u0447 \u0434\u0432\u0435 \u043e \u041a\u043e\u0442\u0440\u0430\u0436\u0438"},"content":{"rendered":"<p>Cilniar Du\u0161an Silni imao je svoje imanje u Draga\u010devu koje su \u010duvali hrti i nekoliko vojnika.Jednom prilikom car\u00a0 se pojavio na svom imanju.\u010cuvari su spavali po\u0161to su se prethodne no\u0107i napili rujnog vina.Kada se jedan od njih probudio,povikao je Ko nas tra\u017ei, Ko tra\u017ei i tako nastade Kotra\u017ea nekada Op\u0161tina, a sada samo Mesna zajednica sa\u00a0 naseljenim mestima Kotra\u017ea, P\u0161anik i Beli Kamen\u00a0 koje pripadaju op\u0161tini Lu\u010dani, sme\u0161tena sa obe strane Vu\u010dkovi\u010dko-Kotra\u0161ke reke.<\/p>\n<div>\u00a0 Kotra\u017ea sada ima oko 1350 stanovnika sa 480 doma\u0107instava koji se ve\u0107im delom bave poljoprivredom, mada je i privatni sektor u porastu tu treba ista\u0107i\u00a0 \u010detiri ve\u0107e hladnja\u010de i\u00a0 pet manjih kapaciteta koje se bave otkupom, zamrzavanjem i prodajom\u00a0 vo\u0107a.Tu treba dodati i jedno preduze\u0107e koje se bavi te\u0161kom konfekcijom i jedan autoservis i Veterinarsku stanicu. Od institucija\u00a0 postoje O\u0160 Kotra\u017ea, Mesna kancelarija, Ambulanta, Mesna zajednica.<\/div>\n<div>Preko puta O\u0160 nalazi se Crkva, a druga je u zaseku \u010cakarevi\u0107i. U Kotra\u017ei se nalazi izvor mineralne vode koji je za sada samo izvor, a nadamo se da \u0107e u skorijoj budu\u0107nosti\u00a0 izrasti u banjsko le\u010dili\u0161te.Nadamo se da \u0107e se broj stanovnika pove\u0107avati i da \u0107e \u0161kola biti puna \u0111aka.<\/div>\n","protected":false},"excerpt":{"rendered":"<p>Cilniar Du\u0161an Silni imao je svoje imanje u Draga\u010devu koje su \u010duvali hrti i nekoliko vojnika.Jednom prilikom car\u00a0 se pojavio na svom imanju.\u010cuvari su spavali po\u0161to su se prethodne no\u0107i napili rujnog vina.Kada se jedan od njih probudio,povikao je Ko nas tra\u017ei, Ko tra\u017ei i tako nastade Kotra\u017ea nekada Op\u0161tina, a sada samo Mesna zajednica [&hellip;]<\/p>\n","protected":false},"author":62,"featured_media":0,"comment_status":"open","ping_status":"open","sticky":false,"template":"","format":"standard","meta":{"_et_pb_use_builder":"","_et_pb_old_content":"","_et_gb_content_width":"","footnotes":""},"categories":[4],"tags":[],"class_list":["post-264100","post","type-post","status-publish","format-standard","hentry","category-o_nama"],"_links":{"self":[{"href":"https:\/\/osnovnaskolakotraza.mojaskola.org\/index.php?rest_route=\/wp\/v2\/posts\/264100","targetHints":{"allow":["GET"]}}],"collection":[{"href":"https:\/\/osnovnaskolakotraza.mojaskola.org\/index.php?rest_route=\/wp\/v2\/posts"}],"about":[{"href":"https:\/\/osnovnaskolakotraza.mojaskola.org\/index.php?rest_route=\/wp\/v2\/types\/post"}],"author":[{"embeddable":true,"href":"https:\/\/osnovnaskolakotraza.mojaskola.org\/index.php?rest_route=\/wp\/v2\/users\/62"}],"replies":[{"embeddable":true,"href":"https:\/\/osnovnaskolakotraza.mojaskola.org\/index.php?rest_route=%2Fwp%2Fv2%2Fcomments&post=264100"}],"version-history":[{"count":2,"href":"https:\/\/osnovnaskolakotraza.mojaskola.org\/index.php?rest_route=\/wp\/v2\/posts\/264100\/revisions"}],"predecessor-version":[{"id":264152,"href":"https:\/\/osnovnaskolakotraza.mojaskola.org\/index.php?rest_route=\/wp\/v2\/posts\/264100\/revisions\/264152"}],"wp:attachment":[{"href":"https:\/\/osnovnaskolakotraza.mojaskola.org\/index.php?rest_route=%2Fwp%2Fv2%2Fmedia&parent=264100"}],"wp:term":[{"taxonomy":"category","embeddable":true,"href":"https:\/\/osnovnaskolakotraza.mojaskola.org\/index.php?rest_route=%2Fwp%2Fv2%2Fcategories&post=264100"},{"taxonomy":"post_tag","embeddable":true,"href":"https:\/\/osnovnaskolakotraza.mojaskola.org\/index.php?rest_route=%2Fwp%2Fv2%2Ftags&post=264100"}],"curies":[{"name":"wp","href":"https:\/\/api.w.org\/{rel}","templated":true}]}}