{"id":263570,"date":"2021-11-24T11:53:49","date_gmt":"2021-11-24T11:53:49","guid":{"rendered":"http:\/\/osnovnaskolakotraza.mojaskola.org\/?p=263570"},"modified":"2021-11-24T11:53:49","modified_gmt":"2021-11-24T11:53:49","slug":"%d0%bf%d1%80%d0%b0%d0%b2%d0%b8%d0%bb%d0%bd%d0%b8%d0%ba-%d0%be-%d0%b4%d0%b8%d1%81%d1%86%d0%b8%d0%bf%d0%bb%d0%b8%d0%bd%d1%81%d0%ba%d0%be%d1%98-%d0%b8-%d0%bc%d0%b0%d1%82%d0%b5%d1%80%d0%b8%d1%98%d0%b0","status":"publish","type":"post","link":"https:\/\/osnovnaskolakotraza.mojaskola.org\/?p=263570","title":{"rendered":"\u041f\u0440\u0430\u0432\u0438\u043b\u043d\u0438\u043a \u043e \u0434\u0438\u0441\u0446\u0438\u043f\u043b\u0438\u043d\u0441\u043a\u043e\u0458 \u0438 \u043c\u0430\u0442\u0435\u0440\u0438\u0458\u0430\u043b\u043d\u043e\u0458 \u043e\u0434\u0433\u043e\u0432\u043e\u0440\u043d\u043e\u0441\u0442\u0438 \u0443\u0447\u0435\u043d\u0438\u043a\u0430"},"content":{"rendered":"<p>PRAVILNIK O DISCIPLINSKOJ I MATERIJALNOJ ODGOVORNOSTI U\u010cENIKA<\/p>\n<p>&nbsp;<\/p>\n<p>Na osnovu \u010dlana 56. stav 1. Zakona o osnovama sistema obrazovanja i vaspitanja (&#8220;Sl. glasnik RS&#8221;, br. 62\/2003, 64\/2003 &#8211; ispr., 58\/2004, 62\/2004 &#8211; ispr. i 101\/2005 &#8211; dr. zakon) i \u010dlana _____. Statuta \u0161kole br. _____, \u0160kolski odbor je na sednici odr\u017eanoj dana __________ godine doneo<\/p>\n<p>&nbsp;<\/p>\n<p>PRAVILNIK O DISCIPLINSKOJ I MATERIJALNOJ ODGOVORNOSTI U\u010cENIKA<\/p>\n<p>OSNOVNE \u0160KOLE \u2018\u2019K O T R A \u017d A\u2019\u2019<\/p>\n<p>I OP\u0160TE ODREDBE<\/p>\n<p>\u010clan 1<\/p>\n<p>Ovim pravilnikom reguli\u0161u se obaveze i odgovornosti u\u010denika, disciplinska odgovornost u\u010denika, vrste povreda obaveza u\u010denika i disciplinske mere, postupak utvr\u0111ivanja disciplinske odgovornosti u\u010denika i izricanje vaspitno-disciplinske mere i postupak utvr\u0111ivanja materijalne odgovornosti u\u010denika Osnovne \u0161kole \u2018\u2019KOTRA\u017dA\u2019\u2019<\/p>\n<p>II OBAVEZE I ODGOVORNOST U\u010cENIKA<\/p>\n<p>\u010clan 2<\/p>\n<p>U ostvarivanju svojih prava u\u010denik ne sme da ugro\u017eava druge u ostvarivanju njihovih prava.<\/p>\n<p>U\u010denik ima obavezu da:<\/p>\n<ol>\n<li>redovno poha\u0111a nastavu i izvr\u0161ava \u0161kolske obaveze;<\/li>\n<li>pridr\u017eava se \u0161kolskih pravila, odluka direktora, nastavnika i organa \u0160kole;<\/li>\n<li>savesno radi na usvajanju znanja, ve\u0161tina i vrednosti propisanih \u0161kolskim programom;<\/li>\n<li>ne ometa izvo\u0111enje nastave i ne napu\u0161ta \u010das bez prethodnog odobrenja nastavnika;<\/li>\n<li>po\u0161tuje li\u010dnost drugih u\u010denika, nastavnika i ostalih zaposlenih;<\/li>\n<li>blagovremeno pravda izostanke;<\/li>\n<li>\u010duva \u0161kolsku imovinu i \u010disto\u0107u i estetski izgled \u0161kolskih prostorija.<\/li>\n<\/ol>\n<p>&nbsp;<\/p>\n<p>&nbsp;<\/p>\n<p>&nbsp;<\/p>\n<p>&nbsp;<\/p>\n<p>III DISCIPLINSKA ODGOVORNOST U\u010cENIKA<\/p>\n<ol>\n<li>Op\u0161te odredbe<\/li>\n<\/ol>\n<p>\u010clan 2<\/p>\n<p>U\u010denik mo\u017ee da odgovara samo za povredu obaveze koja je u vreme izvr\u0161enja bila propisana posebnim zakonom ili op\u0161tim aktom \u0160kole.<\/p>\n<p>U\u010deniku mo\u017ee da se izrekne vaspitno-disciplinska mera za lak\u0161e povrede obaveza u\u010denika u skladu sa ovim pravilnikom, a za te\u017ee &#8211; u skladu sa posebnim zakonom.<\/p>\n<ol start=\"2\">\n<li>Vrste povreda obaveza u\u010denika i disciplinske mere<\/li>\n<\/ol>\n<p>\u010clan 3<\/p>\n<p>Lak\u0161e povrede obaveza u\u010denika su:<\/p>\n<ol>\n<li>neopravdano ka\u0161njenje i neopravdano izostajanje iz \u0160kole do 25 \u010dasova;<\/li>\n<li>ometanje rada u svom ili drugom odeljenju;<\/li>\n<li>nedoli\u010dno pona\u0161anje prema u\u010denicima;<\/li>\n<li>nedoli\u010dno pona\u0161anje prema nastavnicima, stru\u010dnim saradnicima i drugim zaposlenim u \u0160koli;<\/li>\n<li>nepo\u0161tovanje odluka nadle\u017enih organa \u0160kole;<\/li>\n<li>nepo\u0161tovanje propisanih pravila pona\u0161anja u \u0160koli;<\/li>\n<li>neobave\u0161tavanje roditelja o rezultatima svog u\u010denja i vladanja i nepreno\u0161enje poruka odeljenskog stare\u0161ine, stru\u010dnih saradnika i drugih nastavnika;<\/li>\n<li>o\u0161te\u0107enje \u0161kolske zgrade, prostorija, inventara, instalacija i druge imovine \u0160kole;<\/li>\n<li>o\u0161te\u0107enje ili uni\u0161tenje li\u010dnih stvari i pribora drugih u\u010denika, nastavnika i drugih zaposlenih u \u0160koli;<\/li>\n<li>nedola\u017eenje na \u010dasove dodatne i dopunske nastave;<\/li>\n<li>naru\u0161avanje estetskog izgleda \u0160kole i \u0161kolskog dvori\u0161ta (<em>bacanje otpadaka, uni\u0161tavanje sadnica i zelenih povr\u0161ina, pisanje po zidovima i sli\u010dno<\/em>);<\/li>\n<li>odbijanje u\u010de\u0161\u0107a na \u0161kolskim manifestacijama i drugim oblicima obrazovno vaspitnog rada u \u0160koli i van nje;<\/li>\n<\/ol>\n<p>\u010clan 4<\/p>\n<p>Te\u017ee povrede obaveza u\u010denika regulisane su posebnim zakonom.<\/p>\n<p>\u010clan 5<\/p>\n<p>Za lak\u0161u povredu obaveze u\u010deniku se izri\u010de: opomena, ukor odeljenskog stare\u0161ine i ukor Odeljenjskog ve\u0107a.<\/p>\n<p>Za te\u017eu povredu obaveze u\u010denika izri\u010du se: ukor direktora i strogi ukor Nastavni\u010dkog ve\u0107a.<\/p>\n<p>&nbsp;<\/p>\n<p>\u010clan 6<\/p>\n<p>Opomena odeljenskog stare\u0161ine izri\u010de se za lak\u0161u povredu obaveza u\u010denika, kao i za lak\u0161u povredu obaveza u\u010denika zbog neopravdanog izostajanja sa \u010dasova do osam \u010dasova.<\/p>\n<p>Opomena se izri\u010de usmeno ili u pisanom obliku.<\/p>\n<p>Usmena opomena se izri\u010de neposredno ili pred odeljenskom zajednicom.<\/p>\n<p>Pismena opomena se unosi u \u0111a\u010dku knji\u017eicu.<\/p>\n<p>\u010clan 7<\/p>\n<p>Ukor odeljenjskog stare\u0161ine izri\u010de se za lak\u0161u povredu, ponovljenu lak\u0161u povredu obaveza u\u010denika utvr\u0111enu ovim pravilnikom, za koju se izri\u010de mera opomene odeljenskog stare\u0161ine, kao i za neopravdano izostajanje sa \u010dasova od osam do 16 \u010dasova.<\/p>\n<p>\u010clan 8<\/p>\n<p>Ukor odeljenskog ve\u0107a izri\u010de se u\u010denicima za lak\u0161u povredu obaveza u\u010denika, lak\u0161u povredu obaveza u\u010denika u slu\u010daju kad je ve\u0107 izre\u010dena opomena ili ukor odeljenskog stare\u0161ine, a te mere nisu imale vaspitnog uticaja na popravljanje pona\u0161anja u\u010denika, kao i za neopravdano izostajanje sa \u010dasova od 16 do 24 \u010dasa.<\/p>\n<p>\u010clan 9<\/p>\n<p>Ukor direktora se izri\u010de za te\u017eu povredu obaveza u\u010denika utvr\u0111enih posebnim zakonom.<\/p>\n<p>\u010clan 10<\/p>\n<p>Strogi ukor nastavni\u010dkog ve\u0107a izri\u010de se u\u010denicima za te\u017eu povredu i ponovljenu te\u017eu povredu obaveza u\u010denika utvr\u0111enu posebnim zakonom.<\/p>\n<p>\u010clan 11<\/p>\n<p>U\u010denik ne mo\u017ee biti isklju\u010den iz \u0161kole.<\/p>\n<p>\u010clan 12<\/p>\n<p>Ako je u\u010deniku ve\u0107 jednom izre\u010dena vaspitno-disciplinska mera strogi ukor Nastavni\u010dkog ve\u0107a, a mera nije pozitivno uticala na u\u010denika da svoje pona\u0161anje dovede u sklad sa utvr\u0111enim obavezama, pa se promena \u0161kolske sredine ukazuje kao nu\u017eno i jedino mogu\u0107e re\u0161enje, u\u010denik od petog do osmog razreda mo\u017ee biti preme\u0161ten u drugu \u0161kolu, ako u\u010deniku nije prestala obaveza poha\u0111anja \u0161kole. Ukoliko mu je prestala obaveza redovnog poha\u0111anja nastave, ovakav u\u010denik se udaljava iz \u0161kole.<\/p>\n<p>Odluku o preme\u0161taju donosi Nastavni\u010dko ve\u0107e.<\/p>\n<p>Preme\u0161taj u\u010denika iz jedne u drugu osnovu \u0161kolu vr\u0161i se na osnovu saglasnosti roditelja, odnosno staratelja u\u010denika.<\/p>\n<p>&nbsp;<\/p>\n<p>&nbsp;<\/p>\n<p>\u010clan 13<\/p>\n<p>Telesno ka\u017enjavanje u\u010denika nije dozvoljeno.<\/p>\n<p>Vaspitno-disciplinska mera primenjuje se samo na u\u010denike pojedince.<\/p>\n<p>Za u\u010dinjenu povredu obaveza u\u010denika se mo\u017ee izre\u0107i samo jedna vaspitno-disciplinska mera.<\/p>\n<ol start=\"3\">\n<li>Postupak utvr\u0111ivanja disciplinske odgovornosti u\u010denika i izricanja vaspitno-disciplinske mere<\/li>\n<\/ol>\n<p>\u010clan 14<\/p>\n<p>Vaspitno-disciplinska mera ne mo\u017ee se izre\u0107i ako prethodno nije sproveden disciplinski postupak.<\/p>\n<p>Disciplinski postupak protiv u\u010denika ne mo\u017ee se pokrenuti ni voditi po isteku 60 dana od dana u\u010dinjene povrede.<\/p>\n<p>Postupak utvr\u0111ivanja odgovornosti u\u010denika i izricanja vaspitno-disciplinske mere je hitan.<\/p>\n<p>\u010clan 15<\/p>\n<p>Odeljenski stare\u0161ina je du\u017ean da pokrene postupak za utvr\u0111ivanje odgovornosti u\u010denika odmah po saznanju da je povreda u\u010dinjena.<\/p>\n<p>\u010clan 16<\/p>\n<p>Postupak za utvr\u0111ivanje \u010dinjeni\u010dnog stanja povodom lak\u0161e povrede obaveze u\u010denika sprovodi odeljenski stare\u0161ina.<\/p>\n<p>Odeljenski stare\u0161ina du\u017ean je da u\u010denika usmeno saslu\u0161a u prisustvu roditelja, po potrebi prikupi i druge dokaze radi utvr\u0111ivanja \u010dinjenica, odnosno okolnosti pod kojima je povreda u\u010dinjena, kao i da pribavi mi\u0161ljenje odeljenske zajednice pre izricanja mere.<\/p>\n<p>\u010clan 17<\/p>\n<p>Postupak za utvr\u0111ivanje te\u017ee povrede obaveze u\u010denika vodi Komisija od tri \u010dlana, koju odre\u0111uje direktor.<\/p>\n<p>Komisiju \u010dine odeljenski stare\u0161ina, koji je ujedno i predsednik Komisije i dva nastavnika.<\/p>\n<p>\u010clan 18<\/p>\n<p>U slu\u010daju te\u017ee povrede odeljenski stare\u0161ina podnosi zahtev za pokretanje disciplinskog postupka direktoru, zajedno sa predlogom da se u\u010deniku izrekne vaspitno-disciplinska mera ukoliko se utvrdi da je u\u010dinio te\u017eu povredu obaveze u\u010denika.<\/p>\n<p>Zahtev za pokretanje disciplinskog postupka mora da sadr\u017ei: ime i prezime u\u010denika protiv koga treba da se pokrene postupak, odeljenje i razred, povredu obaveze u\u010denika sa opisom vremena, mesto i na\u010din izvr\u0161enja povrede obaveze u\u010denika i nazna\u010denje \u010dlana posebnog zakona kojim je utvr\u0111eno da u\u010dinjeno delo predstavlja te\u017eu povredu obaveza u\u010denika.<\/p>\n<p>Zahtev treba da sadr\u017ei i obavezu da se u\u010denik saslu\u0161a u prisustvu roditelja, da se tra\u017ei pismena izjava, izvo\u0111enje drugih dokaza, kao i predlog vaspitno-disciplinske mere.<\/p>\n<p>&nbsp;<\/p>\n<p>\u010clan 19<\/p>\n<p>Direktor formira komisiju za sprovo\u0111enje disciplinskog postupka (dalje: Komisija) i pismeno obave\u0161tava roditelja, odnosno staratelja u\u010denika o danu saslu\u0161anja u\u010denika.<\/p>\n<p>Pismeno obave\u0161tenje roditelju, odnosno staratelju u\u010denika dostavlja se preporu\u010deno po\u0161tom ili preko zaposlenih u \u0160koli koji obavljaju kurirske poslove, najkasnije tri dana pre dana odre\u0111enog za saslu\u0161anje u\u010denika.<\/p>\n<p>\u010clan 20<\/p>\n<p>Komisija je du\u017ena da u\u010denika saslu\u0161a i o tome sa\u010dini zapisnik o saslu\u0161anju u\u010denika. Zapisnik treba da sadr\u017ei: datum, vreme i mesto sa\u010dinjavanja zapisnika, ime i prezime \u010dlanova Komisije, ime i prezime u\u010denika, odeljenje i razred, kratak opis povrede obaveze u\u010denika, kratko formulisana pitanja i sa\u017eete odgovore na njih.<\/p>\n<p>Zapisnik potpisuju svi \u010dlanovi Komisije i u\u010denik, njegov roditelj, kao i zapisni\u010dar.<\/p>\n<p>Pored saslu\u0161anja u\u010denika Komisija mo\u017ee, po potrebi, da prikupi i druge dokaze ukoliko isti doprinose potpunijem utvr\u0111ivanju \u010dinjenica, odnosno okolnosti pod kojima je povreda u\u010dinjena.<\/p>\n<p>Komisija \u0107e saslu\u0161ati roditelja u\u010denika po pozivu direktora \u0160kole.<\/p>\n<p>Komisija \u0107e pro\u010ditati i pismenu izjavu psihologa, odnosno pedagoga \u0160kole.<\/p>\n<p>\u010clan 21<\/p>\n<p>Vaspitno-disciplinska mera ima vaspitni karakter.<\/p>\n<p>Cilj vaspitno-disciplinske mere je da se uti\u010de na u\u010denika kako bi svoje pona\u0161anje doveo u sklad sa pravilima \u0161kolskog \u017eivota i rada.<\/p>\n<p>\u010clan 22<\/p>\n<p>Prilikom dono\u0161enja odluke o izricanju vaspitno-disciplinske mere, nadle\u017eni organ ima\u0107e u vidu: te\u017einu u\u010dinjene povrede i njene posledice, stepen odgovornosti u\u010denika, okolnosti pod kojima je povreda u\u010dinjena, ranije pona\u0161anje u\u010denika, pona\u0161anje posle u\u010dinjene povrede obaveze, uzrast u\u010denika, da li je ranije bio ka\u017enjavan i druge olak\u0161avaju\u0107e i ote\u017eavaju\u0107e okolnosti.<\/p>\n<p>Ako je u\u010denik izvr\u0161io vi\u0161e povreda obaveza, izri\u010de se samo jedna vaspitno-disciplinska mera za sve u\u010dinjene povrede.<\/p>\n<p>\u010clan 23<\/p>\n<p>Odluka o izricanju vaspitno-disciplinske mere zbog povrede obaveza u\u010denika mora da sadr\u017ei: uvod, dispozitiv (izreku), obrazlo\u017eenje, pouku o pravnom sredstvu, naziv organa sa brojem i datumom re\u0161enja i potpis i pe\u010dat nadle\u017enog organa.<\/p>\n<p>\u010clan 24<\/p>\n<p>Odluka iz \u010dlana 23. ovog pravilnika dostavlja se u\u010deniku i roditelju, odnosno staratelju u\u010denika u pismenoj formi, u roku od osam dana od dana dono\u0161enja.<\/p>\n<p>Vaspitno-disciplinska mera izre\u010dena za te\u017eu povredu obaveza u\u010denika upisuje se u \u0111a\u010dku knji\u017eicu u\u010denika.<\/p>\n<p>\u010clan 25<\/p>\n<p>U\u010denicima se prema izre\u010denim vaspitno-disciplinskim merama opisno utvr\u0111uje ocena iz vladanja i to:<\/p>\n<p>&#8211; za ukor odeljenskog stare\u0161ine &#8211; vladanje _______________ (<em>vrlo dobro<\/em>)<\/p>\n<p>&#8211; za ukor odeljenskog ve\u0107a &#8211; vladanje ________________ (<em>dobro<\/em>)<\/p>\n<p>&#8211; za ukor direktora &#8211; vladanje ________________ (<em>zadovoljavaju\u0107e<\/em>)<\/p>\n<p>&#8211; za strogi ukor Nastavni\u010dkog ve\u0107a &#8211; vladanje _______________ (<em>nezadovoljavaju\u0107e<\/em>).<\/p>\n<p>\u010clan 26<\/p>\n<p>Na izre\u010denu vaspitno-disciplinsku meru u\u010denik ili njegov roditelj odnosno staratelj, mogu da podnesu prigovor direktoru \u0160kole u roku od pet dana od dana prijema odluke.<\/p>\n<p>Direktor donosi odluku u roku od 15 dana od dana podno\u0161enja prigovora.<\/p>\n<p>Prigovor na odluku o izre\u010denoj vaspitno-disciplinskoj meri zadr\u017eava izvr\u0161enje odluke.<\/p>\n<p>\u010clan 27<\/p>\n<p>Re\u0161avaju\u0107i po prigovoru, direktor \u0160kole mo\u017ee da odbaci prigovor ako je nedopu\u0161ten, neblagovremen ili izjavljen od neovla\u0161\u0107enog lica.<\/p>\n<p>Ako prigovor ne odbaci, direktor mo\u017ee da prigovor odbije, poni\u0161ti odluku u celini ili delimi\u010dno ili je izmeni.<\/p>\n<p>\u010clan 28<\/p>\n<p>O izre\u010denim vaspitno-disciplinskim merama odeljenski stare\u0161ina vodi evidenciju u odgovaraju\u0107oj pedago\u0161koj dokumentaciji u koju unosi: ime i prezime u\u010denika, vrstu izre\u010dene mere i organ koji je meru izrekao, datum izricanja mere i povredu obaveze u\u010denika zbog koje je vaspitno-disciplinska mera izre\u010dena.<\/p>\n<p>\u010clan 29<\/p>\n<p>Ocena iz vladanja se popravlja na predlog odeljenskog stare\u0161ine kada do\u0111e do pozitivnih promena u pona\u0161anju u\u010denika, a najkasnije na tromese\u010dju, odnosno polugodi\u0161tu.<\/p>\n<p>IV MATERIJALNA ODGOVORNOST U\u010cENIKA<\/p>\n<ol>\n<li>Op\u0161te odredbe<\/li>\n<\/ol>\n<p>\u010clan 30<\/p>\n<p>U\u010denik, odnosno roditelj ili staratelj u\u010denika odgovara za materijalnu \u0161tetu koju u\u010denik nanese \u0160koli, namerno ili iz krajnje nepa\u017enje, u skladu sa zakonom.<\/p>\n<p>&nbsp;<\/p>\n<p>&nbsp;<\/p>\n<ol start=\"2\">\n<li>Postupak utvr\u0111ivanja materijalne odgovornosti u\u010denika<\/li>\n<\/ol>\n<p>\u010clan 31<\/p>\n<p>Na osnovu podnete prijave o prouzrokovanoj \u0161teti ili na osnovu li\u010dnog saznanja, direktor \u0160kole pokre\u0107e postupak za utvr\u0111ivanje \u0161tete i odgovornosti u\u010denika za prouzrokovanu \u0161tetu.<\/p>\n<p>\u010clan 32<\/p>\n<p>Postojanje \u0161tete, visinu, okolnosti pod kojima je nastala, ko je \u0161tetu prouzrokovao i kako je nadokna\u0111uje utvr\u0111uje posebna tro\u010dlana komisija koju obrazuje direktor \u0160kole.<\/p>\n<p>\u010clan 33<\/p>\n<p>Ako \u0161tetu prouzrokuje vi\u0161e u\u010denika, svaki u\u010denik je posebno odgovoran za deo \u0161tete, ako se doka\u017ee da je \u0161tetu prouzrokovao namerno ili iz krajnje nepa\u017enje.<\/p>\n<p>Kad se ne mo\u017ee utvrditi udeo svakog u\u010denika u prouzrokovanju \u0161tete, smatra se da svi u\u010denici koji su \u0161tetu prouzrokovali namerno ili iz krajnje nepa\u017enje podjednako odgovorni i \u0161tetu nadokna\u0111uju u jednakim delovima.<\/p>\n<p>Za \u0161tetu odgovora i u\u010denik koji je pomagao ili podstrekavao.<\/p>\n<p>\u010clan 34<\/p>\n<p>Visina \u0161tete se utvr\u0111uje na osnovu cenovnika i knjigovodstvene vrednosti o\u0161te\u0107ene stvari, a ako to nije mogu\u0107e komisija procenjuje \u0161tetu uz pomo\u0107 stru\u010dnjaka.<\/p>\n<p>\u010clan 35<\/p>\n<p>Direktor donosi re\u0161enje o visini \u0161tete, odgovornosti za \u0161tetu i obavezi u\u010denika, odnosno njegovog roditelja ili staratelja da \u0161tetu naknadi u odre\u0111enom roku.<\/p>\n<p>V ZAVR\u0160NE ODREDBE<\/p>\n<p>\u010clan 36<\/p>\n<p>Ovaj pravilnik stupa na snagu osmog dana od dana objavljivanja na oglasnoj tabli \u0160kole.<\/p>\n<p>&nbsp;<\/p>\n<table width=\"100%\">\n<tbody>\n<tr>\n<td width=\"58%\">&nbsp;<\/td>\n<td width=\"41%\">PREDSEDNIK \u0160KOLSKOG ODBORA<\/td>\n<\/tr>\n<tr>\n<td width=\"58%\">&nbsp;<\/td>\n<td width=\"41%\">__________________________________<\/td>\n<\/tr>\n<\/tbody>\n<\/table>\n<p>Pravilnik objavljen na oglasnoj tabli \u0160kole dana __________ godine.<\/p>\n<p>Pravilnik stupio na snagu dana __________ godine.<\/p>\n<p>&nbsp;<\/p>\n","protected":false},"excerpt":{"rendered":"<p>PRAVILNIK O DISCIPLINSKOJ I MATERIJALNOJ ODGOVORNOSTI U\u010cENIKA &nbsp; Na osnovu \u010dlana 56. stav 1. Zakona o osnovama sistema obrazovanja i vaspitanja (&#8220;Sl. glasnik RS&#8221;, br. 62\/2003, 64\/2003 &#8211; ispr., 58\/2004, 62\/2004 &#8211; ispr. i 101\/2005 &#8211; dr. zakon) i \u010dlana _____. Statuta \u0161kole br. _____, \u0160kolski odbor je na sednici odr\u017eanoj dana __________ godine doneo [&hellip;]<\/p>\n","protected":false},"author":62,"featured_media":0,"comment_status":"open","ping_status":"open","sticky":false,"template":"","format":"standard","meta":{"_et_pb_use_builder":"","_et_pb_old_content":"","_et_gb_content_width":"","footnotes":""},"categories":[57],"tags":[],"class_list":["post-263570","post","type-post","status-publish","format-standard","hentry","category-57"],"_links":{"self":[{"href":"https:\/\/osnovnaskolakotraza.mojaskola.org\/index.php?rest_route=\/wp\/v2\/posts\/263570","targetHints":{"allow":["GET"]}}],"collection":[{"href":"https:\/\/osnovnaskolakotraza.mojaskola.org\/index.php?rest_route=\/wp\/v2\/posts"}],"about":[{"href":"https:\/\/osnovnaskolakotraza.mojaskola.org\/index.php?rest_route=\/wp\/v2\/types\/post"}],"author":[{"embeddable":true,"href":"https:\/\/osnovnaskolakotraza.mojaskola.org\/index.php?rest_route=\/wp\/v2\/users\/62"}],"replies":[{"embeddable":true,"href":"https:\/\/osnovnaskolakotraza.mojaskola.org\/index.php?rest_route=%2Fwp%2Fv2%2Fcomments&post=263570"}],"version-history":[{"count":1,"href":"https:\/\/osnovnaskolakotraza.mojaskola.org\/index.php?rest_route=\/wp\/v2\/posts\/263570\/revisions"}],"predecessor-version":[{"id":263571,"href":"https:\/\/osnovnaskolakotraza.mojaskola.org\/index.php?rest_route=\/wp\/v2\/posts\/263570\/revisions\/263571"}],"wp:attachment":[{"href":"https:\/\/osnovnaskolakotraza.mojaskola.org\/index.php?rest_route=%2Fwp%2Fv2%2Fmedia&parent=263570"}],"wp:term":[{"taxonomy":"category","embeddable":true,"href":"https:\/\/osnovnaskolakotraza.mojaskola.org\/index.php?rest_route=%2Fwp%2Fv2%2Fcategories&post=263570"},{"taxonomy":"post_tag","embeddable":true,"href":"https:\/\/osnovnaskolakotraza.mojaskola.org\/index.php?rest_route=%2Fwp%2Fv2%2Ftags&post=263570"}],"curies":[{"name":"wp","href":"https:\/\/api.w.org\/{rel}","templated":true}]}}