{"id":263557,"date":"2021-11-24T11:24:47","date_gmt":"2021-11-24T11:24:47","guid":{"rendered":"http:\/\/osnovnaskolakotraza.mojaskola.org\/?p=263557"},"modified":"2021-11-24T11:26:02","modified_gmt":"2021-11-24T11:26:02","slug":"263557","status":"publish","type":"post","link":"https:\/\/osnovnaskolakotraza.mojaskola.org\/?p=263557","title":{"rendered":"\u041f\u0440\u0430\u0432\u0438\u043b\u0430 \u043f\u043e\u043d\u0430\u0448\u0430\u045a\u0430 \u0443 \u0443\u0441\u0442\u0430\u043d\u043e\u0432\u0438"},"content":{"rendered":"<p style=\"text-align: center\"><span style=\"text-decoration: underline;font-family: 'times new roman', times, serif;font-size: 12pt\"><strong>Pravila pona\u0161anja u ustanovi<\/strong><\/span><\/p>\n<p><span style=\"font-family: 'times new roman', times, serif;font-size: 12pt\">\u010clan 43.<\/span><\/p>\n<p><span style=\"font-family: 'times new roman', times, serif;font-size: 12pt\">U ustanovi se neguju odnosi me\u0111usobnog razumevanja i uva\u017eavanja li\u010dnosti dece, u\u010denika, zaposlenih i roditelja.<\/span><\/p>\n<p><span style=\"font-family: 'times new roman', times, serif;font-size: 12pt\">Zaposleni imaju obavezu da svojim radom i ukupnim pona\u0161anjem doprinose razvijanju pozitivne atmosfere u ustanovi.<\/span><\/p>\n<p><span style=\"font-family: 'times new roman', times, serif;font-size: 12pt\">Pona\u0161anje u ustanovi i odnosi dece, u\u010denika, zaposlenih i roditelja ure\u0111uju se pravilima pona\u0161anja u ustanovi.<\/span><\/p>\n<p><span style=\"font-family: 'times new roman', times, serif;font-size: 12pt\">Zabrana diskriminacije<\/span><\/p>\n<p><span style=\"font-family: 'times new roman', times, serif;font-size: 12pt\">\u010clan 44.<\/span><\/p>\n<p><span style=\"font-family: 'times new roman', times, serif;font-size: 12pt\">U ustanovi su zabranjene aktivnosti kojima se ugro\u017eavaju, oma-lova\u017eavaju, diskrimini\u0161u ili izdvajaju lica, odnosno grupe lica, po osnovu: rasne, nacionalne, etni\u010dke, jezi\u010dke, verske ili polne pripadnosti, fizi\u010dkih i psihi\u010dkih svojstava, smetnji u razvoju i invaliditeta, zdravstvenog stanja, uzrasta, socijalnog i kulturnog porekla, imovnog stanja, odnosno politi\u010dkog opredeljenja i podsticanje ili nespre\u010davanje takvih aktivnosti, kao i po drugim osnovima utvr\u0111enim zakonom kojim se propisuje zabrana diskriminacije.<\/span><\/p>\n<p><span style=\"font-family: 'times new roman', times, serif;font-size: 12pt\">Pod diskriminacijom lica ili grupe lica smatra se svako neposredno ili posredno, na otvoren ili prikriven na\u010din, isklju\u010divanje ili ograni\u010davanje prava i sloboda, nejednako postupanje ili propu\u0161tanje \u010dinjenja, odnosno neopravdano pravljenje razlika povla\u0111ivanjem ili davanjem prvenstva.<\/span><\/p>\n<p><span style=\"font-family: 'times new roman', times, serif;font-size: 12pt\">Ne smatraju se diskriminacijom posebne mere uvedene radi postizanja pune ravnopravnosti, za\u0161tite i napretka lica, odnosno grupe lica koja se nalaze u nejednakom polo\u017eaju.<\/span><\/p>\n<p><span style=\"font-family: 'times new roman', times, serif;font-size: 12pt\">Bli\u017ee kriterijume za prepoznavanje oblika diskriminacije od strane zaposlenog, u\u010denika ili tre\u0107eg lica u ustanovi, zajedni\u010dki propisuje ministar i ministar nadle\u017ean za poslove ljudskih prava.<\/span><\/p>\n<p><span style=\"font-family: 'times new roman', times, serif;font-size: 12pt\">Zabrana nasilja, zlostavljanja i zanemarivanja<\/span><\/p>\n<p><span style=\"font-family: 'times new roman', times, serif;font-size: 12pt\">\u010clan 45.<\/span><\/p>\n<p><span style=\"font-family: 'times new roman', times, serif;font-size: 12pt\">U ustanovi je zabranjeno: fizi\u010dko, psihi\u010dko i socijalno nasilje; zlostavljanje i zanemarivanje dece i u\u010denika; fizi\u010dko ka\u017enjavanje i vre\u0111anje li\u010dnosti, odnosno seksualna zloupotreba dece i u\u010denika ili zaposlenih.<\/span><\/p>\n<p><span style=\"font-family: 'times new roman', times, serif;font-size: 12pt\">Pod nasiljem i zlostavljanjem podrazumeva se svaki oblik jedanput u\u010dinjenog ili ponavljanog verbalnog ili neverbalnog pona\u0161anja koje ima za posledicu stvarno ili potencijalno ugro\u017eavanje zdravlja, razvoja i dostojanstva li\u010dnosti deteta i u\u010denika ili zaposlenog.<\/span><\/p>\n<p><span style=\"font-family: 'times new roman', times, serif;font-size: 12pt\">Zanemarivanje i nemarno postupanje predstavlja propu\u0161tanje ustanove ili zaposlenog da obezbedi uslove za pravilan razvoj deteta i u\u010denika.<\/span><\/p>\n<p><span style=\"font-family: 'times new roman', times, serif;font-size: 12pt\">Ustanova je du\u017ena da odmah podnese prijavu nadle\u017enom organu ako se kod deteta ili u\u010denika primete znaci nasilja, zlostavljanja ili zanemarivanja.<\/span><\/p>\n<p><span style=\"font-family: 'times new roman', times, serif;font-size: 12pt\">Pod fizi\u010dkim nasiljem, u smislu stava 1. ovog \u010dlana, smatra se: fizi\u010dko ka\u017enjavanje dece i u\u010denika od strane zaposlenih i drugih odraslih osoba; svako pona\u0161anje koje mo\u017ee da dovede do stvarnog ili potencijalnog telesnog povre\u0111ivanja deteta, u\u010denika ili zaposlenog; nasilno pona\u0161anje zaposlenog prema deci, u\u010denicima ili drugim zaposlenim, kao i u\u010denika prema drugim u\u010denicima ili zaposlenim.<\/span><\/p>\n<p><span style=\"font-family: 'times new roman', times, serif;font-size: 12pt\">Pod psihi\u010dkim nasiljem, u smislu stava 1. ovog \u010dlana smatra se pona\u0161anje koje dovodi do trenutnog ili trajnog ugro\u017eavanja psihi\u010dkog i emocionalnog zdravlja i dostojanstva deteta i u\u010denika ili zaposlenog.<\/span><\/p>\n<p><span style=\"font-family: 'times new roman', times, serif;font-size: 12pt\">Pod socijalnim nasiljem, u smislu stava 1. ovog \u010dlana smatra se isklju\u010divanje deteta i u\u010denika iz grupe vr\u0161njaka i razli\u010ditih oblika socijalnih aktivnosti ustanove.<\/span><\/p>\n<p><span style=\"font-family: 'times new roman', times, serif;font-size: 12pt\">U ustanovi je zabranjen svaki oblik nasilja i zlostavljanja iz stava 2. ovog \u010dlana od strane u\u010denika, njegovog roditelja, odnosno staratelja ili odraslog, nad nastavnikom, vaspita\u010dem, stru\u010dnim saradnikom i drugim zaposlenim.<\/span><\/p>\n<p><span style=\"font-family: 'times new roman', times, serif;font-size: 12pt\">Zbog povrede zabrane iz stava 8. ovog \u010dlana protiv roditelja, odnosno staratelja deteta ili u\u010denika pokre\u0107e se prekr\u0161ajni, odnosno krivi\u010dni postupak.<\/span><\/p>\n<p><span style=\"font-family: 'times new roman', times, serif;font-size: 12pt\">Protokol postupanja u ustanovi u odgovoru na nasilje i zlostavljanje, sadr\u017eaj i na\u010dine sprovo\u0111enja preventivnih i interventnih aktivnosti, uslove i na\u010dine za procenu rizika, na\u010dine za\u0161tite od nasilja, zlostavljanja i zanemarivanja, propisuje ministar.<\/span><\/p>\n<p><span style=\"font-family: 'times new roman', times, serif;font-size: 12pt\">Bli\u017ee uslove o na\u010dinima prepoznavanja neverbalnih oblika zlostavljanja dece i u\u010denika od strane zaposlenog za vreme nege, odmora i rekreacije i drugih oblika vaspitno-obrazovnog rada, propisuje ministar.<\/span><\/p>\n<p><span style=\"font-family: 'times new roman', times, serif;font-size: 12pt\">VII. PRAVA DETETA I U\u010cENIKA,<\/span><br \/>\n<span style=\"font-family: 'times new roman', times, serif;font-size: 12pt\">OBAVEZE I ODGOVORNOSTI U\u010cENIKA<\/span><\/p>\n<p><span style=\"font-family: 'times new roman', times, serif;font-size: 12pt\">Prava deteta i u\u010denika<\/span><\/p>\n<p><span style=\"font-family: 'times new roman', times, serif;font-size: 12pt\">\u010clan 103.<\/span><\/p>\n<p><span style=\"font-family: 'times new roman', times, serif;font-size: 12pt\">Prava deteta i u\u010denika ostvaruju se u skladu sa potvr\u0111enim me\u0111unarodnim ugovorima, ovim i posebnim zakonima, a ustanova, odnosno svi zaposleni du\u017eni su da obezbede njihovo ostvarivanje, a naro\u010dito pravo na:<\/span><\/p>\n<ul>\n<li><span style=\"font-family: 'times new roman', times, serif;font-size: 12pt\">kvalitetan obrazovno-vaspitni rad koji obezbe\u0111uje ostvarivanje principa i ciljeva iz \u010dl. 3. i 4. ovog zakona;<\/span><\/li>\n<li><span style=\"font-family: 'times new roman', times, serif;font-size: 12pt\">uva\u017eavanje li\u010dnosti;<\/span><\/li>\n<li><span style=\"font-family: 'times new roman', times, serif;font-size: 12pt\">podr\u0161ku za svestrani razvoj li\u010dnosti, podr\u0161ku za posebno iskazane talente i njihovu afirmaciju;<\/span><\/li>\n<li><span style=\"font-family: 'times new roman', times, serif;font-size: 12pt\">za\u0161titu od diskriminacije, nasilja, zlostavljanja i zanemari-vanja;<\/span><\/li>\n<li><span style=\"font-family: 'times new roman', times, serif;font-size: 12pt\">blagovremenu i potpunu informaciju o pitanjima od zna\u010daja za njegovo \u0161kolovanje;<\/span><\/li>\n<li><span style=\"font-family: 'times new roman', times, serif;font-size: 12pt\">informacije o njegovim pravima i obavezama;<\/span><\/li>\n<li><span style=\"font-family: 'times new roman', times, serif;font-size: 12pt\">u\u010destvovanje u radu organa \u0161kole, u skladu sa ovim i posebnim zakonom;<\/span><\/li>\n<li><span style=\"font-family: 'times new roman', times, serif;font-size: 12pt\">slobodu udru\u017eivanja u razli\u010dite grupe, klubove i organizovanje u\u010deni\u010dkog parlamenta;<\/span><\/li>\n<li><span style=\"font-family: 'times new roman', times, serif;font-size: 12pt\">podno\u0161enje prigovora i \u017ealbe na ocenu i na ostvarivanje drugih prava po osnovu obrazovanja;<\/span><\/li>\n<li><span style=\"font-family: 'times new roman', times, serif;font-size: 12pt\">pokretanje inicijative za preispitivanje odgovornosti u\u010desnika u obrazovno-vaspitnom procesu ukoliko prava iz ta\u010d. 1) do 9) ovog \u010dlana nisu ostvarena;<\/span><\/li>\n<li><span style=\"font-family: 'times new roman', times, serif;font-size: 12pt\">ostvarivanje svih prava deteta i u\u010denika, prava na za\u0161titu i na pravi\u010dno postupanje \u0161kole prema u\u010deniku i kada povredi obavezu utvr\u0111enu ovim zakonom;<\/span><\/li>\n<li><span style=\"font-family: 'times new roman', times, serif;font-size: 12pt\">pravo na stipendiju, kredit, sme\u0161taj i ishranu u domu u\u010denika, u skladu sa posebnim zakonom.<\/span><\/li>\n<\/ul>\n<p><span style=\"font-family: 'times new roman', times, serif;font-size: 12pt\">Ustanova je du\u017ena da obezbedi sve uslove za ostvarivanje prava deteta i u\u010denika iz stava 1. ovog \u010dlana.<\/span><\/p>\n<p><span style=\"font-family: 'times new roman', times, serif;font-size: 12pt\">U\u010denik, roditelj, odnosno staratelj deteta i u\u010denika mo\u017ee da podnese prijavu direktoru ustanove u slu\u010daju povrede prava iz stava 1. ovog \u010dlana ili neprimerenog pona\u0161anja zaposlenih prema detetu i u\u010deniku, u roku od 15 dana od nastupanja slu\u010daja.<\/span><\/p>\n<p><span style=\"font-family: 'times new roman', times, serif;font-size: 12pt\">Direktor je du\u017ean da prijavu razmotri i da, uz konsultaciju sa u\u010denikom, roditeljem, odnosno starateljem deteta i u\u010denika i zaposlenim odlu\u010di o njoj i preduzme odgovaraju\u0107e mere, u roku od 15 dana od dana prijema prijave.<\/span><\/p>\n<p><span style=\"font-family: 'times new roman', times, serif;font-size: 12pt\">Zaposleni u ustanovi du\u017ean je da prijavi direktoru, odnosno organu upravljanja kr\u0161enje prava deteta i u\u010denika.<\/span><\/p>\n<p><span style=\"font-family: 'times new roman', times, serif;font-size: 12pt\">Odgovornost zaposlenog<\/span><\/p>\n<p><span style=\"font-family: 'times new roman', times, serif;font-size: 12pt\">\u010clan 139.<\/span><\/p>\n<p><span style=\"font-family: 'times new roman', times, serif;font-size: 12pt\">Zaposleni mo\u017ee da odgovara za:<\/span><\/p>\n<ul>\n<li><span style=\"font-family: 'times new roman', times, serif;font-size: 12pt\">1) lak\u0161u povredu radne obaveze, utvr\u0111enu op\u0161tim aktom ustanove;<\/span><\/li>\n<li><span style=\"font-family: 'times new roman', times, serif;font-size: 12pt\">2) te\u017eu povredu radne obaveze propisanu ovim zakonom;<\/span><\/li>\n<li><span style=\"font-family: 'times new roman', times, serif;font-size: 12pt\">3) povredu zabrane propisanu ovim zakonom;<\/span><\/li>\n<li><span style=\"font-family: 'times new roman', times, serif;font-size: 12pt\">4) materijalnu \u0161tetu koju nanese ustanovi, namerno ili krajnjom nepa\u017enjom, u skladu sa zakonom.<\/span><\/li>\n<\/ul>\n<p><span style=\"font-family: 'times new roman', times, serif;font-size: 12pt\">Udaljavanje sa rada<\/span><\/p>\n<p><span style=\"font-family: 'times new roman', times, serif;font-size: 12pt\">\u010clan 140.<\/span><\/p>\n<p><span style=\"font-family: 'times new roman', times, serif;font-size: 12pt\">Zaposleni se privremeno udaljava sa rada zbog u\u010dinjene povrede zabrane iz \u010dl. 44. do 46. ovog zakona i te\u017ee povrede radne obaveze iz \u010dlana 141. ta\u010d. 1) do 5) i ta\u010d. 10) i 16) ovog zakona do okon\u010danja disciplinskog postupka.<\/span><\/p>\n<p><span style=\"font-family: 'times new roman', times, serif;font-size: 12pt\">Nastavnik, vaspita\u010d i stru\u010dni saradnik kome je suspendovana licenca na osnovu \u010dlana 127. st. 5. i 6. ovog zakona, udaljava se privremeno iz obrazovno-vaspitnog rada, do ukidanja suspenzije licence.<\/span><\/p>\n<p><span style=\"font-family: 'times new roman', times, serif;font-size: 12pt\">Ako direktor ne udalji zaposlenog, organ upravljanja du\u017ean je da donese odluku o udaljenju.<\/span><\/p>\n<p><span style=\"font-family: 'times new roman', times, serif;font-size: 12pt\">Disciplinski postupak<\/span><\/p>\n<p><span style=\"font-family: 'times new roman', times, serif;font-size: 12pt\">\u010clan 142.<\/span><\/p>\n<p><span style=\"font-family: 'times new roman', times, serif;font-size: 12pt\">Direktor ustanove pokre\u0107e i vodi disciplinski postupak, donosi odluku i izri\u010de meru u disciplinskom postupku protiv zaposlenog.<\/span><\/p>\n<p><span style=\"font-family: 'times new roman', times, serif;font-size: 12pt\">Disciplinski postupak pokre\u0107e se pismenim zaklju\u010dkom na koji prigovor nije dopu\u0161ten, a koji sadr\u017ei podatke o zaposlenom, opis povrede zabrane, odnosno radne obaveze, vreme, mesto i na\u010din izvr\u0161enja i dokaze koji ukazuju na izvr\u0161enje povrede.<\/span><\/p>\n<p><span style=\"font-family: 'times new roman', times, serif;font-size: 12pt\">Zaposleni mora biti saslu\u0161an, sa pravom da izlo\u017ei svoju odbranu, sam ili preko zastupnika, a mo\u017ee za raspravu da dostavi i pismenu odbranu.<\/span><\/p>\n<p><span style=\"font-family: 'times new roman', times, serif;font-size: 12pt\">Izuzetno, rasprava mo\u017ee da se odr\u017ei i bez prisustva zaposlenog, pod uslovom da je zaposleni na raspravu uredno pozvan.<\/span><\/p>\n<p><span style=\"font-family: 'times new roman', times, serif;font-size: 12pt\">Na ostala pitanja vo\u0111enja disciplinskog postupka shodno se primenjuju pravila upravnog postupka.<\/span><\/p>\n<p><span style=\"font-family: 'times new roman', times, serif;font-size: 12pt\">Disciplinski postupak je javan, osim u slu\u010dajevima propisanim zakonom kojim se ure\u0111uje op\u0161ti upravni postupak.<\/span><\/p>\n<p><span style=\"font-family: 'times new roman', times, serif;font-size: 12pt\">Po sprovedenom postupku donosi se re\u0161enje kojim se zaposleni mo\u017ee oglasiti krivim, u kom slu\u010daju mu se izri\u010de i disciplinska mera, osloboditi od odgovornosti ili se postupak mo\u017ee obustaviti.<\/span><\/p>\n<p><span style=\"font-family: 'times new roman', times, serif;font-size: 12pt\">Pokretanje disciplinskog postupka za lak\u0161e povrede radne obaveze zastareva protekom \u0161est meseci od u\u010dinjene povrede, a za povredu zabrane i te\u017ee povrede protekom jedne godine od dana u\u010dinjene povrede.<\/span><\/p>\n<p><span style=\"font-family: 'times new roman', times, serif;font-size: 12pt\">Vo\u0111enje disciplinskog postupka za lak\u0161e povrede radne obaveze zastareva protekom jedne godine, a za povrede zabrane i te\u017ee \u2013 dve godine od pokretanja disciplinskog postupka.<\/span><\/p>\n<p><span style=\"font-family: 'times new roman', times, serif;font-size: 12pt\">Zastarelost ne te\u010de ako disciplinski postupak ne mo\u017ee da se pokrene ili vodi zbog odsustva zaposlenog ili drugih opravdanih razloga.<\/span><\/p>\n<p><span style=\"font-family: 'times new roman', times, serif;font-size: 12pt\">Disciplinske mere<\/span><\/p>\n<p><span style=\"font-family: 'times new roman', times, serif;font-size: 12pt\">\u010clan 143.<\/span><\/p>\n<p><span style=\"font-family: 'times new roman', times, serif;font-size: 12pt\">Mere za povredu radne obaveze jesu prestanak radnog odnosa i nov\u010dana kazna.<\/span><\/p>\n<p><span style=\"font-family: 'times new roman', times, serif;font-size: 12pt\">Zaposlenom koji izvr\u0161i povredu zabrane, propisane \u010dl. 44. do 46. ovog zakona, prestaje radni odnos kada odluka direktora o utvr\u0111enoj povredi zabrane postane kona\u010dna i oduzima se licenca.<\/span><\/p>\n<p><span style=\"font-family: 'times new roman', times, serif;font-size: 12pt\">Za povredu radne obaveze iz \u010dlana 141. stav 1. ta\u010d. 1) do 7) ovog zakona izri\u010de se mera prestanka radnog odnosa i licenca se suspenduje na \u0161est meseci.<\/span><\/p>\n<p><span style=\"font-family: 'times new roman', times, serif;font-size: 12pt\">Mera prestanka radnog odnosa izri\u010de se zaposlenom i za povredu radne obaveze iz \u010dlana 141. ta\u010d. 8) do 17) ovog zakona, ako je u\u010dinjena umi\u0161ljajem ili iz svesnog nehata i ako nisu utvr\u0111ene olak\u0161avaju\u0107e okolnosti za zaposlenog.<\/span><\/p>\n<p><span style=\"font-family: 'times new roman', times, serif;font-size: 12pt\">Nov\u010dana kazna izri\u010de se u visini od 20 do 35 odsto od plate ispla\u0107ene za mesec u kome je odluka doneta, u trajanju od tri do \u0161est meseci.<\/span><\/p>\n<p><span style=\"font-family: 'times new roman', times, serif;font-size: 12pt\">Prestanak radnog odnosa<\/span><\/p>\n<p><span style=\"font-family: 'times new roman', times, serif;font-size: 12pt\">\u010clan 144.<\/span><\/p>\n<p><span style=\"font-family: 'times new roman', times, serif;font-size: 12pt\">Radni odnos zaposlenog u ustanovi prestaje u skladu sa zakonom, na osnovu re\u0161enja direktora.<\/span><\/p>\n<p><span style=\"font-family: 'times new roman', times, serif;font-size: 12pt\">Pravna za\u0161tita zaposlenih<\/span><\/p>\n<p><span style=\"font-family: 'times new roman', times, serif;font-size: 12pt\">\u010clan 145.<\/span><\/p>\n<p><span style=\"font-family: 'times new roman', times, serif;font-size: 12pt\">Na re\u0161enje o ostvarivanju prava, obaveza i odgovornosti zaposleni ima pravo na prigovor organu upravljanja, u roku od osam dana od dana dostavljanja re\u0161enja direktora.<\/span><\/p>\n<p><span style=\"font-family: 'times new roman', times, serif;font-size: 12pt\">Organ upravljanja du\u017ean je da donese odluku po prigovoru u roku od 15 dana<\/span><\/p>\n<p>&nbsp;<\/p>\n<p>&nbsp;<\/p>\n<p>&nbsp;<\/p>\n<p>&nbsp;<\/p>\n","protected":false},"excerpt":{"rendered":"<p>Pravila pona\u0161anja u ustanovi \u010clan 43. U ustanovi se neguju odnosi me\u0111usobnog razumevanja i uva\u017eavanja li\u010dnosti dece, u\u010denika, zaposlenih i roditelja. Zaposleni imaju obavezu da svojim radom i ukupnim pona\u0161anjem doprinose razvijanju pozitivne atmosfere u ustanovi. Pona\u0161anje u ustanovi i odnosi dece, u\u010denika, zaposlenih i roditelja ure\u0111uju se pravilima pona\u0161anja u ustanovi. Zabrana diskriminacije \u010clan [&hellip;]<\/p>\n","protected":false},"author":62,"featured_media":0,"comment_status":"open","ping_status":"open","sticky":false,"template":"","format":"standard","meta":{"_et_pb_use_builder":"","_et_pb_old_content":"","_et_gb_content_width":"","footnotes":""},"categories":[57],"tags":[],"class_list":["post-263557","post","type-post","status-publish","format-standard","hentry","category-57"],"_links":{"self":[{"href":"https:\/\/osnovnaskolakotraza.mojaskola.org\/index.php?rest_route=\/wp\/v2\/posts\/263557","targetHints":{"allow":["GET"]}}],"collection":[{"href":"https:\/\/osnovnaskolakotraza.mojaskola.org\/index.php?rest_route=\/wp\/v2\/posts"}],"about":[{"href":"https:\/\/osnovnaskolakotraza.mojaskola.org\/index.php?rest_route=\/wp\/v2\/types\/post"}],"author":[{"embeddable":true,"href":"https:\/\/osnovnaskolakotraza.mojaskola.org\/index.php?rest_route=\/wp\/v2\/users\/62"}],"replies":[{"embeddable":true,"href":"https:\/\/osnovnaskolakotraza.mojaskola.org\/index.php?rest_route=%2Fwp%2Fv2%2Fcomments&post=263557"}],"version-history":[{"count":2,"href":"https:\/\/osnovnaskolakotraza.mojaskola.org\/index.php?rest_route=\/wp\/v2\/posts\/263557\/revisions"}],"predecessor-version":[{"id":263559,"href":"https:\/\/osnovnaskolakotraza.mojaskola.org\/index.php?rest_route=\/wp\/v2\/posts\/263557\/revisions\/263559"}],"wp:attachment":[{"href":"https:\/\/osnovnaskolakotraza.mojaskola.org\/index.php?rest_route=%2Fwp%2Fv2%2Fmedia&parent=263557"}],"wp:term":[{"taxonomy":"category","embeddable":true,"href":"https:\/\/osnovnaskolakotraza.mojaskola.org\/index.php?rest_route=%2Fwp%2Fv2%2Fcategories&post=263557"},{"taxonomy":"post_tag","embeddable":true,"href":"https:\/\/osnovnaskolakotraza.mojaskola.org\/index.php?rest_route=%2Fwp%2Fv2%2Ftags&post=263557"}],"curies":[{"name":"wp","href":"https:\/\/api.w.org\/{rel}","templated":true}]}}